{"id":1,"date":"2024-05-22T19:18:31","date_gmt":"2024-05-22T22:18:31","guid":{"rendered":"https:\/\/partidopan.com.br\/?p=1"},"modified":"2024-06-03T10:09:48","modified_gmt":"2024-06-03T13:09:48","slug":"ola-mundo","status":"publish","type":"post","link":"https:\/\/partidopan.com.br\/?p=1","title":{"rendered":"Colonialismo"},"content":{"rendered":"\n<p>A liga\u00e7\u00e3o entre o colonialismo e a crise ambiental global \u00e9 profunda e complexa. O colonialismo foi uma fase da hist\u00f3ria global marcada pela explora\u00e7\u00e3o econ\u00f4mica, pol\u00edtica e cultural de regi\u00f5es e pa\u00edses pelas pot\u00eancias coloniais europeias. Este processo de coloniza\u00e7\u00e3o foi acompanhado de uma intensa extra\u00e7\u00e3o de recursos naturais, incluindo minera\u00e7\u00e3o, agricultura, floresta e pesca, que resultou na degrada\u00e7\u00e3o ambiental em muitas regi\u00f5es colonizadas.<\/p>\n\n\n\n<p>Al\u00e9m disso, o colonialismo tamb\u00e9m levou a mudan\u00e7as culturais e sociais nas regi\u00f5es colonizadas, incluindo a introdu\u00e7\u00e3o de novas formas de agricultura e produ\u00e7\u00e3o que foram inadequadas para os ecossistemas locais e contribu\u00edram para a degrada\u00e7\u00e3o ambiental. Al\u00e9m disso, as pol\u00edticas econ\u00f4micas implementadas pelos colonizadores priorizaram a explora\u00e7\u00e3o de recursos naturais e a exporta\u00e7\u00e3o de mat\u00e9rias-primas para as metr\u00f3poles coloniais, ao inv\u00e9s de investir na preserva\u00e7\u00e3o dos recursos naturais e no desenvolvimento local.<\/p>\n\n\n\n<p>A heran\u00e7a do colonialismo continua a influenciar a crise ambiental global atual. As regi\u00f5es que foram historicamente colonizadas continuam a ser mais vulner\u00e1veis \u00e0 degrada\u00e7\u00e3o ambiental e \u00e0 explora\u00e7\u00e3o de recursos naturais, e as desigualdades econ\u00f4micas e sociais resultantes do colonialismo s\u00e3o um fator importante que contribui para a perpetua\u00e7\u00e3o destas tend\u00eancias. Al\u00e9m disso, as economias globalizadas modernas continuam a priorizar a explora\u00e7\u00e3o de recursos naturais e a exporta\u00e7\u00e3o de mat\u00e9rias-primas, perpetuando as pol\u00edticas econ\u00f4micas estabelecidas durante o colonialismo.<\/p>\n\n\n\n<p>Em resumo, o colonialismo \u00e9 uma parte importante da hist\u00f3ria global que contribuiu para a atual crise ambiental e que tem ra\u00edzes profundas nas desigualdades econ\u00f4micas, sociais e pol\u00edticas resultantes deste processo<\/p>\n\n\n\n<p>Capitalismo e liberalismo<\/p>\n\n\n\n<p>O capitalismo e o neoliberalismo s\u00e3o sistemas econ\u00f4micos que priorizam o crescimento econ\u00f4mico e a maximiza\u00e7\u00e3o do lucro acima de outras considera\u00e7\u00f5es, incluindo a preserva\u00e7\u00e3o do meio ambiente. O neoliberalismo, em particular, \u00e9 uma forma de capitalismo que promove a livre concorr\u00eancia, a redu\u00e7\u00e3o dos pap\u00e9is do Estado e a liberaliza\u00e7\u00e3o de mercados, incluindo o mercado de recursos naturais.<\/p>\n\n\n\n<p>Estes sistemas econ\u00f4micos t\u00eam uma liga\u00e7\u00e3o direta com a crise ambiental global pois incentivam a explora\u00e7\u00e3o intensiva de recursos naturais, a produ\u00e7\u00e3o em massa de bens e a emiss\u00e3o de poluentes, todos os quais contribuem para o aquecimento global, a degrada\u00e7\u00e3o ambiental e a perda de biodiversidade. Al\u00e9m disso, o capitalismo e o neoliberalismo tendem a favorecer grandes empresas e corpora\u00e7\u00f5es, cujas atividades s\u00e3o frequentemente respons\u00e1veis por grande parte da polui\u00e7\u00e3o e da explora\u00e7\u00e3o de recursos naturais.<\/p>\n\n\n\n<p>Outro aspecto do capitalismo e do neoliberalismo que contribui para a crise ambiental global \u00e9 a prioriza\u00e7\u00e3o do lucro a curto prazo, que desencoraja investimentos em tecnologias limpas e inova\u00e7\u00f5es que possam proteger o meio ambiente. Al\u00e9m disso, o sistema financeiro capitalista pode tamb\u00e9m estimular, por exemplo, a especula\u00e7\u00e3o imobili\u00e1ria, que resulta em grandes desmatamentos e perda de habitats naturais.<\/p>\n\n\n\n<p>Em resumo, o capitalismo e o neoliberalismo, ao priorizarem o crescimento econ\u00f4mico e a maximiza\u00e7\u00e3o do lucro acima de outras considera\u00e7\u00f5es, incluindo a preserva\u00e7\u00e3o do meio ambiente, s\u00e3o parte integrante da crise ambiental global atual.<\/p>\n\n\n\n<p>Desigualdade<\/p>\n\n\n\n<p>A desigualdade de renda \u00e9 uma conex\u00e3o importante para a crise ambiental global, pois afeta diretamente as causas e os impactos desses problemas. A distribui\u00e7\u00e3o de renda desigual, com grandes concentra\u00e7\u00f5es de riqueza em poucas m\u00e3os, est\u00e1 relacionada ao consumo excessivo de recursos naturais e a emiss\u00f5es poluentes, uma vez que a maior parte dos impactos negativos do desenvolvimento econ\u00f4mico ocorre em pa\u00edses de renda baixa e m\u00e9dia, enquanto os pa\u00edses de renda alta concentram a maior parte do consumo e das emiss\u00f5es.<\/p>\n\n\n\n<p>Al\u00e9m disso, a desigualdade de renda afeta a capacidade de as pessoas de baixa renda de responderem \u00e0s mudan\u00e7as clim\u00e1ticas, uma vez que elas t\u00eam menos acesso a recursos e tecnologias para se protegerem e se adaptarem \u00e0s consequ\u00eancias dessas mudan\u00e7as. Por outro lado, as comunidades mais pobres tamb\u00e9m s\u00e3o mais vulner\u00e1veis aos impactos negativos da degrada\u00e7\u00e3o ambiental, incluindo a escassez de \u00e1gua e a perda de fontes de alimento.<\/p>\n\n\n\n<p>Em resumo, a desigualdade de renda tem um impacto importante na crise ambiental global, tanto em termos da contribui\u00e7\u00e3o para o problema quanto na capacidade de responder a ele. A redu\u00e7\u00e3o da desigualdade de renda \u00e9 crucial para o sucesso das pol\u00edticas e iniciativas destinadas a enfrentar a crise ambiental global.<\/p>\n\n\n\n<p>In\u00e9rcia pol\u00edtica<\/p>\n\n\n\n<p>Os impasses pol\u00edticos podem contribuir significativamente para a crise ambiental global de v\u00e1rias maneiras. Aqui est\u00e3o algumas dessas formas:<\/p>\n\n\n\n<p>Atraso na a\u00e7\u00e3o: a falta de consenso pol\u00edtico pode levar a atrasos na implementa\u00e7\u00e3o de pol\u00edticas e medidas destinadas a enfrentar a crise ambiental, aumentando o impacto dos problemas ambientais e dificultando a resolu\u00e7\u00e3o deles.<\/p>\n\n\n\n<p>Falta de investimento: as disputas pol\u00edticas podem dificultar a aloca\u00e7\u00e3o de recursos para iniciativas ambientais, incluindo a pesquisa, o desenvolvimento e a implementa\u00e7\u00e3o de tecnologias mais limpas e eficientes.<\/p>\n\n\n\n<p>Dificuldade em implementar regulamenta\u00e7\u00f5es: os impasses pol\u00edticos podem impedir a implementa\u00e7\u00e3o de regulamenta\u00e7\u00f5es ambientais rigorosas, incluindo a limita\u00e7\u00e3o de emiss\u00f5es poluentes, o estabelecimento de metas de conserva\u00e7\u00e3o de recursos naturais e o fortalecimento de medidas de prote\u00e7\u00e3o ambiental.<\/p>\n\n\n\n<p>Fraca coopera\u00e7\u00e3o internacional: as disputas pol\u00edticas podem prejudicar a coopera\u00e7\u00e3o internacional na luta contra a crise ambiental global, limitando a efetividade de acordos e esfor\u00e7os conjuntos para abordar problemas comuns.<\/p>\n\n\n\n<p>Em resumo, os impasses pol\u00edticos podem dificultar a a\u00e7\u00e3o r\u00e1pida e eficaz na luta contra a crise ambiental global, prejudicando a prote\u00e7\u00e3o do meio ambiente e a implementa\u00e7\u00e3o de solu\u00e7\u00f5es eficazes. Portanto, \u00e9 importante encontrar formas de superar esses impasses pol\u00edticos para garantir uma a\u00e7\u00e3o r\u00e1pida e efetiva na luta contra a crise ambiental global.<\/p>\n\n\n\n<p>Dificuldades de consenso: esquerda e direita<\/p>\n\n\n\n<p>As ideologias pol\u00edticas de esquerda e direita t\u00eam diferen\u00e7as fundamentais quanto aos valores, princ\u00edpios e estrat\u00e9gias para abordar problemas sociais e econ\u00f4micos, incluindo a crise ambiental global. Enquanto as ideologias de esquerda tendem a priorizar quest\u00f5es ambientais e a prote\u00e7\u00e3o do meio ambiente, ao mesmo tempo em que buscam mudan\u00e7as sociais e econ\u00f4micas mais equitativas, as ideologias de direita tendem a priorizar a liberdade econ\u00f4mica e a deixar a solu\u00e7\u00e3o dos problemas ambientais \u00e0s for\u00e7as do mercado.<\/p>\n\n\n\n<p>Essas diferen\u00e7as podem tornar dif\u00edcil encontrar solu\u00e7\u00f5es abrangentes e efetivas para a crise ambiental global, que exige a\u00e7\u00e3o urgente e colabora\u00e7\u00e3o internacional. Al\u00e9m disso, a polariza\u00e7\u00e3o pol\u00edtica e a falta de consenso sobre a natureza e as causas da crise ambiental tamb\u00e9m contribuem para o impasse pol\u00edtico e a ina\u00e7\u00e3o dos pa\u00edses em rela\u00e7\u00e3o a esse desafio global.<\/p>\n\n\n\n<p>Por isso, \u00e9 importante que a sociedade encontre formas de superar as divis\u00f5es pol\u00edticas e trabalhar juntos para enfrentar a crise ambiental global, priorizando a\u00e7\u00f5es concretas e a prote\u00e7\u00e3o do meio ambiente para as gera\u00e7\u00f5es presentes e futuras.<\/p>\n","protected":false},"excerpt":{"rendered":"<p>A liga\u00e7\u00e3o entre o colonialismo e a crise ambiental global \u00e9 profunda e complexa. O colonialismo foi uma fase da hist\u00f3ria global marcada pela explora\u00e7\u00e3o econ\u00f4mica, pol\u00edtica e cultural de regi\u00f5es e pa\u00edses pelas pot\u00eancias coloniais europeias. Este processo de coloniza\u00e7\u00e3o foi acompanhado de uma intensa extra\u00e7\u00e3o de recursos naturais, incluindo minera\u00e7\u00e3o, agricultura, floresta e [&hellip;]<\/p>\n","protected":false},"author":1,"featured_media":8,"comment_status":"open","ping_status":"open","sticky":false,"template":"","format":"standard","meta":{"footnotes":""},"categories":[80],"tags":[],"_links":{"self":[{"href":"https:\/\/partidopan.com.br\/index.php?rest_route=\/wp\/v2\/posts\/1"}],"collection":[{"href":"https:\/\/partidopan.com.br\/index.php?rest_route=\/wp\/v2\/posts"}],"about":[{"href":"https:\/\/partidopan.com.br\/index.php?rest_route=\/wp\/v2\/types\/post"}],"author":[{"embeddable":true,"href":"https:\/\/partidopan.com.br\/index.php?rest_route=\/wp\/v2\/users\/1"}],"replies":[{"embeddable":true,"href":"https:\/\/partidopan.com.br\/index.php?rest_route=%2Fwp%2Fv2%2Fcomments&post=1"}],"version-history":[{"count":2,"href":"https:\/\/partidopan.com.br\/index.php?rest_route=\/wp\/v2\/posts\/1\/revisions"}],"predecessor-version":[{"id":5187,"href":"https:\/\/partidopan.com.br\/index.php?rest_route=\/wp\/v2\/posts\/1\/revisions\/5187"}],"wp:featuredmedia":[{"embeddable":true,"href":"https:\/\/partidopan.com.br\/index.php?rest_route=\/wp\/v2\/media\/8"}],"wp:attachment":[{"href":"https:\/\/partidopan.com.br\/index.php?rest_route=%2Fwp%2Fv2%2Fmedia&parent=1"}],"wp:term":[{"taxonomy":"category","embeddable":true,"href":"https:\/\/partidopan.com.br\/index.php?rest_route=%2Fwp%2Fv2%2Fcategories&post=1"},{"taxonomy":"post_tag","embeddable":true,"href":"https:\/\/partidopan.com.br\/index.php?rest_route=%2Fwp%2Fv2%2Ftags&post=1"}],"curies":[{"name":"wp","href":"https:\/\/api.w.org\/{rel}","templated":true}]}}